{"id":5849,"date":"2023-10-30T12:45:54","date_gmt":"2023-10-30T10:45:54","guid":{"rendered":"https:\/\/www.yourkingsley.com\/?p=5849"},"modified":"2023-10-30T12:45:54","modified_gmt":"2023-10-30T10:45:54","slug":"krach-immobilier-belgique","status":"publish","type":"post","link":"https:\/\/www.yourkingsley.com\/fr\/krach-immobilier-belgique\/","title":{"rendered":"Vers un krach immobilier en Belgique ? Analyse des signaux pr\u00e9occupants"},"content":{"rendered":"<p>L&#8217;<a class=\"\" href=\"https:\/\/www.yourkingsley.com\/jobs\/?search_categories=45\" target=\"_blank\" rel=\"noopener\">immobilier<\/a> a toujours \u00e9t\u00e9 consid\u00e9r\u00e9 comme un pilier solide de l&#8217;\u00e9conomie, b\u00e9n\u00e9ficiant d&#8217;une demande constante et d&#8217;une stabilit\u00e9 relative. C&#8217;est<strong> l&#8217;un des investissements les plus s\u00fbrs, en particulier en Belgique, o\u00f9 la propri\u00e9t\u00e9 est profond\u00e9ment ancr\u00e9e dans la culture<\/strong>. Cependant, au cours des derni\u00e8res ann\u00e9es, divers signaux semblent indiquer que le march\u00e9 immobilier belge pourrait \u00eatre en proie \u00e0 des difficult\u00e9s majeures. Une conjonction de facteurs inqui\u00e9tants &#8211; tels qu&#8217;une baisse des transactions, une demande en berne, un repli des prix et des promoteurs en difficult\u00e9 &#8211; suscitent des inqui\u00e9tudes quant \u00e0 la possibilit\u00e9 d&#8217;un krach immobilier. Dans cet article, nous examinerons de plus pr\u00e8s ces facteurs et tenterons de comprendre s&#8217;ils sont susceptibles de conduire \u00e0 un effondrement du march\u00e9 immobilier belge.<\/p>\n<h3>Baisse des transactions immobili\u00e8res<\/h3>\n<p>L&#8217;un des indicateurs les plus alarmants est la <strong>baisse significative du nombre de transactions immobili\u00e8res en Belgique<\/strong>. Au cours des derni\u00e8res ann\u00e9es, le march\u00e9 a connu une diminution marqu\u00e9e des ventes de biens immobiliers. En 2023, le nombre de transactions a <strong>chut\u00e9 de 15 %<\/strong> par rapport \u00e0 l&#8217;ann\u00e9e pr\u00e9c\u00e9dente. Cette tendance \u00e0 la baisse devrait se poursuivre en 2024, avec des chiffres qui montrent peu de signes de retournement.<\/p>\n<p>Plusieurs facteurs expliquent cette situation. Tout d&#8217;abord, les <strong>taux d&#8217;int\u00e9r\u00eat hypoth\u00e9caires<\/strong> en Belgique ont connu une augmentation, rendant les <strong>emprunts pour l&#8217;achat de biens immobiliers moins abordables<\/strong> pour de nombreux m\u00e9nages. En outre, l&#8217;incertitude \u00e9conomique croissante pousse de nombreux acheteurs potentiels \u00e0 adopter une attitude prudente, reportant leurs d\u00e9cisions d&#8217;achat.<\/p>\n<h3>Demande en berne et incertitude \u00e9conomique<\/h3>\n<p>En parall\u00e8le \u00e0 la baisse des transactions, la demande de biens immobiliers en Belgique est en berne. <strong>Les Belges semblent moins enclins \u00e0 investir dans l&#8217;immobilier<\/strong>, pr\u00e9f\u00e9rant d&#8217;autres formes d&#8217;investissement plus liquides ou adoptant une attitude attentiste en attendant que la situation \u00e9conomique se clarifie.<\/p>\n<p>L&#8217;incertitude \u00e9conomique est un facteur cl\u00e9 qui p\u00e8se sur le march\u00e9. La Belgique, comme de nombreux pays, a \u00e9t\u00e9 confront\u00e9e \u00e0 des <strong>bouleversements \u00e9conomiques dus \u00e0 la pand\u00e9mie de COVID-19<\/strong>. Les m\u00e9nages, les investisseurs et les entreprises cherchent \u00e0 anticiper les r\u00e9percussions potentielles de ces bouleversements sur leurs finances, ce qui se traduit par un ralentissement de la demande immobili\u00e8re.<\/p>\n<h3>Repli des prix<\/h3>\n<p>Un autre signal d&#8217;alarme est la baisse des prix de l&#8217;immobilier en Belgique. Apr\u00e8s des ann\u00e9es de croissance constante, de nombreuses r\u00e9gions du pays connaissent d\u00e9sormais une diminution des prix, en particulier dans les grandes villes. Par exemple, \u00e0 Bruxelles, les prix des appartements ont chut\u00e9 de 8 % au cours des six derniers mois. Cette baisse des prix pourrait avoir un<strong> impact n\u00e9gatif sur les propri\u00e9taires<\/strong>, en particulier sur ceux qui ont achet\u00e9 leur bien immobilier \u00e0 des prix \u00e9lev\u00e9s et qui <strong>voient maintenant la valeur de leur investissement diminuer<\/strong>.<\/p>\n<h3>Promoteurs en difficult\u00e9<\/h3>\n<p>Les promoteurs immobiliers en Belgique font \u00e9galement face \u00e0 des d\u00e9fis de taille. La <strong>baisse de la demande de logements neufs<\/strong> a entra\u00een\u00e9 des difficult\u00e9s financi\u00e8res pour de nombreuses entreprises du secteur de la construction et de l&#8217;immobilier. <strong>Les projets immobiliers voient leurs d\u00e9lais s&#8217;allonger<\/strong>, des retards se manifestent, et <strong>des<\/strong> <strong>licenciements commencent \u00e0 \u00eatre constat\u00e9s<\/strong>. Cette instabilit\u00e9 accrue sur le march\u00e9 de la construction ajoute une couche d&#8217;incertitude suppl\u00e9mentaire.<\/p>\n<h3>Krach immobilier : est-il temps de paniquer ?<\/h3>\n<p>Bien que ces signaux soient pr\u00e9occupants, il est essentiel de maintenir la perspective. Il est actuellement <strong>trop t\u00f4t pour pr\u00e9dire un krach immobilier<\/strong> en Belgique en 2024. Les march\u00e9s immobiliers sont complexes et influenc\u00e9s par de nombreux facteurs, y compris les d\u00e9cisions politiques, les \u00e9volutions \u00e9conomiques mondiales, et les variations de la demande.<\/p>\n<p>Les architectes, les constructeurs, les promoteurs immobiliers, les propri\u00e9taires et les potentiels acqu\u00e9reurs doivent <strong>rester vigilants et envisager des strat\u00e9gies prudentes<\/strong>. Il est recommand\u00e9 de consulter des experts en immobilier et des conseillers financiers pour prendre des d\u00e9cisions \u00e9clair\u00e9es.<\/p>\n<p>&nbsp;<\/p>\n<p>Ne manquez aucune actualit\u00e9, <a class=\"\" href=\"https:\/\/www.linkedin.com\/company\/your-kingsley\/\" target=\"_blank\" rel=\"noopener\">suivez Kingsley sur LinkedIn<\/a> !<\/p>\n","protected":false},"excerpt":{"rendered":"<p>L&#8217;immobilier a toujours \u00e9t\u00e9 consid\u00e9r\u00e9 comme un pilier solide de l&#8217;\u00e9conomie, b\u00e9n\u00e9ficiant d&#8217;une demande constante et d&#8217;une stabilit\u00e9 relative. C&#8217;est l&#8217;un des investissements les plus s\u00fbrs, en particulier en Belgique, o\u00f9 la propri\u00e9t\u00e9 est profond\u00e9ment ancr\u00e9e dans la culture. Cependant, au cours des derni\u00e8res ann\u00e9es, divers signaux semblent indiquer que le march\u00e9 immobilier belge pourrait [&hellip;]<\/p>\n","protected":false},"author":95,"featured_media":5850,"comment_status":"open","ping_status":"open","sticky":false,"template":"","format":"standard","meta":{"_acf_changed":false,"footnotes":""},"categories":[68,112,495],"tags":[120,977,975,978,980,979,976],"class_list":["post-5849","post","type-post","status-publish","format-standard","has-post-thumbnail","hentry","category-finance","category-immobilier","category-news-2","tag-belgique","tag-construction-belgique","tag-krach-immobilier","tag-marches-immobiliers","tag-promoteurs-immobiliers","tag-secteur-immobilier","tag-tendances-immo"],"metadata":{"m_date":"30\/10\/23","img":"https:\/\/www.yourkingsley.com\/app\/uploads\/2023\/10\/jon-tyson-Cch56zrxJ8w-unsplash-1080x1440.jpg"},"acf":[],"yoast_head":"<!-- This site is optimized with the Yoast SEO plugin v27.1.1 - https:\/\/yoast.com\/product\/yoast-seo-wordpress\/ -->\n<title>Vers un krach immobilier en Belgique ? Analyse des signaux pr\u00e9occupants - Kingsley<\/title>\n<meta name=\"description\" content=\"Le march\u00e9 immobilier belge est-il en proie \u00e0 un krach ? Des signaux r\u00e9v\u00e8lent une possible temp\u00eate \u00e0 l&#039;horizon, mais rien n&#039;est jou\u00e9.\" \/>\n<meta name=\"robots\" content=\"index, follow, max-snippet:-1, max-image-preview:large, max-video-preview:-1\" \/>\n<link rel=\"canonical\" href=\"https:\/\/www.yourkingsley.com\/fr\/krach-immobilier-belgique\/\" \/>\n<meta property=\"og:locale\" content=\"fr_FR\" \/>\n<meta property=\"og:type\" content=\"article\" \/>\n<meta property=\"og:title\" content=\"Vers un krach immobilier en Belgique ? Analyse des signaux pr\u00e9occupants - Kingsley\" \/>\n<meta property=\"og:description\" content=\"Le march\u00e9 immobilier belge est-il en proie \u00e0 un krach ? Des signaux r\u00e9v\u00e8lent une possible temp\u00eate \u00e0 l&#039;horizon, mais rien n&#039;est jou\u00e9.\" \/>\n<meta property=\"og:url\" content=\"https:\/\/www.yourkingsley.com\/fr\/krach-immobilier-belgique\/\" \/>\n<meta property=\"og:site_name\" content=\"Kingsley\" \/>\n<meta property=\"article:publisher\" content=\"https:\/\/www.facebook.com\/yourkingsley\" \/>\n<meta property=\"article:published_time\" content=\"2023-10-30T10:45:54+00:00\" \/>\n<meta property=\"og:image\" content=\"https:\/\/www.yourkingsley.com\/app\/uploads\/2023\/10\/jon-tyson-Cch56zrxJ8w-unsplash-scaled.jpg\" \/>\n\t<meta property=\"og:image:width\" content=\"1920\" \/>\n\t<meta property=\"og:image:height\" content=\"2560\" \/>\n\t<meta property=\"og:image:type\" content=\"image\/jpeg\" \/>\n<meta name=\"author\" content=\"Diana Balan\" \/>\n<meta name=\"twitter:card\" content=\"summary_large_image\" \/>\n<meta name=\"twitter:label1\" content=\"\u00c9crit par\" \/>\n\t<meta name=\"twitter:data1\" content=\"Diana Balan\" \/>\n\t<meta name=\"twitter:label2\" content=\"Dur\u00e9e de lecture estim\u00e9e\" \/>\n\t<meta name=\"twitter:data2\" content=\"3 minutes\" \/>\n<script type=\"application\/ld+json\" class=\"yoast-schema-graph\">{\"@context\":\"https:\/\/schema.org\",\"@graph\":[{\"@type\":\"Article\",\"@id\":\"https:\/\/www.yourkingsley.com\/fr\/krach-immobilier-belgique\/#article\",\"isPartOf\":{\"@id\":\"https:\/\/www.yourkingsley.com\/fr\/krach-immobilier-belgique\/\"},\"author\":{\"name\":\"Diana Balan\",\"@id\":\"https:\/\/www.yourkingsley.com\/#\/schema\/person\/dd02c53fe894e14c5f62a4e49e330f91\"},\"headline\":\"Vers un krach immobilier en Belgique ? Analyse des signaux pr\u00e9occupants\",\"datePublished\":\"2023-10-30T10:45:54+00:00\",\"mainEntityOfPage\":{\"@id\":\"https:\/\/www.yourkingsley.com\/fr\/krach-immobilier-belgique\/\"},\"wordCount\":706,\"commentCount\":0,\"publisher\":{\"@id\":\"https:\/\/www.yourkingsley.com\/#organization\"},\"image\":{\"@id\":\"https:\/\/www.yourkingsley.com\/fr\/krach-immobilier-belgique\/#primaryimage\"},\"thumbnailUrl\":\"https:\/\/www.yourkingsley.com\/app\/uploads\/2023\/10\/jon-tyson-Cch56zrxJ8w-unsplash-scaled.jpg\",\"keywords\":[\"belgique\",\"construction belgique\",\"krach immobilier\",\"march\u00e9s immobiliers\",\"promoteurs immobiliers\",\"secteur immobilier\",\"tendances immo\"],\"articleSection\":[\"Finance\",\"Immobilier\",\"News\"],\"inLanguage\":\"fr-FR\",\"potentialAction\":[{\"@type\":\"CommentAction\",\"name\":\"Comment\",\"target\":[\"https:\/\/www.yourkingsley.com\/fr\/krach-immobilier-belgique\/#respond\"]}]},{\"@type\":\"WebPage\",\"@id\":\"https:\/\/www.yourkingsley.com\/fr\/krach-immobilier-belgique\/\",\"url\":\"https:\/\/www.yourkingsley.com\/fr\/krach-immobilier-belgique\/\",\"name\":\"Vers un krach immobilier en Belgique ? Analyse des signaux pr\u00e9occupants - Kingsley\",\"isPartOf\":{\"@id\":\"https:\/\/www.yourkingsley.com\/#website\"},\"primaryImageOfPage\":{\"@id\":\"https:\/\/www.yourkingsley.com\/fr\/krach-immobilier-belgique\/#primaryimage\"},\"image\":{\"@id\":\"https:\/\/www.yourkingsley.com\/fr\/krach-immobilier-belgique\/#primaryimage\"},\"thumbnailUrl\":\"https:\/\/www.yourkingsley.com\/app\/uploads\/2023\/10\/jon-tyson-Cch56zrxJ8w-unsplash-scaled.jpg\",\"datePublished\":\"2023-10-30T10:45:54+00:00\",\"description\":\"Le march\u00e9 immobilier belge est-il en proie \u00e0 un krach ? Des signaux r\u00e9v\u00e8lent une possible temp\u00eate \u00e0 l'horizon, mais rien n'est jou\u00e9.\",\"breadcrumb\":{\"@id\":\"https:\/\/www.yourkingsley.com\/fr\/krach-immobilier-belgique\/#breadcrumb\"},\"inLanguage\":\"fr-FR\",\"potentialAction\":[{\"@type\":\"ReadAction\",\"target\":[\"https:\/\/www.yourkingsley.com\/fr\/krach-immobilier-belgique\/\"]}]},{\"@type\":\"ImageObject\",\"inLanguage\":\"fr-FR\",\"@id\":\"https:\/\/www.yourkingsley.com\/fr\/krach-immobilier-belgique\/#primaryimage\",\"url\":\"https:\/\/www.yourkingsley.com\/app\/uploads\/2023\/10\/jon-tyson-Cch56zrxJ8w-unsplash-scaled.jpg\",\"contentUrl\":\"https:\/\/www.yourkingsley.com\/app\/uploads\/2023\/10\/jon-tyson-Cch56zrxJ8w-unsplash-scaled.jpg\",\"width\":1920,\"height\":2560,\"caption\":\"krach immobilier en Belgique : faut-il s'inqui\u00e9ter ? analyse des signaux\"},{\"@type\":\"BreadcrumbList\",\"@id\":\"https:\/\/www.yourkingsley.com\/fr\/krach-immobilier-belgique\/#breadcrumb\",\"itemListElement\":[{\"@type\":\"ListItem\",\"position\":1,\"name\":\"Home\",\"item\":\"https:\/\/www.yourkingsley.com\/fr\/\"},{\"@type\":\"ListItem\",\"position\":2,\"name\":\"Vers un krach immobilier en Belgique ? Analyse des signaux pr\u00e9occupants\"}]},{\"@type\":\"WebSite\",\"@id\":\"https:\/\/www.yourkingsley.com\/#website\",\"url\":\"https:\/\/www.yourkingsley.com\/\",\"name\":\"Kingsley\",\"description\":\"Your career companion\",\"publisher\":{\"@id\":\"https:\/\/www.yourkingsley.com\/#organization\"},\"potentialAction\":[{\"@type\":\"SearchAction\",\"target\":{\"@type\":\"EntryPoint\",\"urlTemplate\":\"https:\/\/www.yourkingsley.com\/?s={search_term_string}\"},\"query-input\":{\"@type\":\"PropertyValueSpecification\",\"valueRequired\":true,\"valueName\":\"search_term_string\"}}],\"inLanguage\":\"fr-FR\"},{\"@type\":\"Organization\",\"@id\":\"https:\/\/www.yourkingsley.com\/#organization\",\"name\":\"Kingsley\",\"url\":\"https:\/\/www.yourkingsley.com\/\",\"logo\":{\"@type\":\"ImageObject\",\"inLanguage\":\"fr-FR\",\"@id\":\"https:\/\/www.yourkingsley.com\/#\/schema\/logo\/image\/\",\"url\":\"https:\/\/www.yourkingsley.com\/app\/uploads\/2022\/06\/logo.svg\",\"contentUrl\":\"https:\/\/www.yourkingsley.com\/app\/uploads\/2022\/06\/logo.svg\",\"caption\":\"Kingsley\"},\"image\":{\"@id\":\"https:\/\/www.yourkingsley.com\/#\/schema\/logo\/image\/\"},\"sameAs\":[\"https:\/\/www.facebook.com\/yourkingsley\",\"https:\/\/www.linkedin.com\/company\/your-kingsley\/\"]},{\"@type\":\"Person\",\"@id\":\"https:\/\/www.yourkingsley.com\/#\/schema\/person\/dd02c53fe894e14c5f62a4e49e330f91\",\"name\":\"Diana Balan\",\"image\":{\"@type\":\"ImageObject\",\"inLanguage\":\"fr-FR\",\"@id\":\"https:\/\/www.yourkingsley.com\/#\/schema\/person\/image\/\",\"url\":\"https:\/\/secure.gravatar.com\/avatar\/fbf1b9a7a22ab8265eb3cf50c54d75de85c06774e2b13c54c57a6ee438aa28b3?s=96&d=mm&r=g\",\"contentUrl\":\"https:\/\/secure.gravatar.com\/avatar\/fbf1b9a7a22ab8265eb3cf50c54d75de85c06774e2b13c54c57a6ee438aa28b3?s=96&d=mm&r=g\",\"caption\":\"Diana Balan\"}}]}<\/script>\n<!-- \/ Yoast SEO plugin. -->","yoast_head_json":{"title":"Vers un krach immobilier en Belgique ? Analyse des signaux pr\u00e9occupants - Kingsley","description":"Le march\u00e9 immobilier belge est-il en proie \u00e0 un krach ? Des signaux r\u00e9v\u00e8lent une possible temp\u00eate \u00e0 l'horizon, mais rien n'est jou\u00e9.","robots":{"index":"index","follow":"follow","max-snippet":"max-snippet:-1","max-image-preview":"max-image-preview:large","max-video-preview":"max-video-preview:-1"},"canonical":"https:\/\/www.yourkingsley.com\/fr\/krach-immobilier-belgique\/","og_locale":"fr_FR","og_type":"article","og_title":"Vers un krach immobilier en Belgique ? Analyse des signaux pr\u00e9occupants - Kingsley","og_description":"Le march\u00e9 immobilier belge est-il en proie \u00e0 un krach ? Des signaux r\u00e9v\u00e8lent une possible temp\u00eate \u00e0 l'horizon, mais rien n'est jou\u00e9.","og_url":"https:\/\/www.yourkingsley.com\/fr\/krach-immobilier-belgique\/","og_site_name":"Kingsley","article_publisher":"https:\/\/www.facebook.com\/yourkingsley","article_published_time":"2023-10-30T10:45:54+00:00","og_image":[{"width":1920,"height":2560,"url":"https:\/\/www.yourkingsley.com\/app\/uploads\/2023\/10\/jon-tyson-Cch56zrxJ8w-unsplash-scaled.jpg","type":"image\/jpeg"}],"author":"Diana Balan","twitter_card":"summary_large_image","twitter_misc":{"\u00c9crit par":"Diana Balan","Dur\u00e9e de lecture estim\u00e9e":"3 minutes"},"schema":{"@context":"https:\/\/schema.org","@graph":[{"@type":"Article","@id":"https:\/\/www.yourkingsley.com\/fr\/krach-immobilier-belgique\/#article","isPartOf":{"@id":"https:\/\/www.yourkingsley.com\/fr\/krach-immobilier-belgique\/"},"author":{"name":"Diana Balan","@id":"https:\/\/www.yourkingsley.com\/#\/schema\/person\/dd02c53fe894e14c5f62a4e49e330f91"},"headline":"Vers un krach immobilier en Belgique ? Analyse des signaux pr\u00e9occupants","datePublished":"2023-10-30T10:45:54+00:00","mainEntityOfPage":{"@id":"https:\/\/www.yourkingsley.com\/fr\/krach-immobilier-belgique\/"},"wordCount":706,"commentCount":0,"publisher":{"@id":"https:\/\/www.yourkingsley.com\/#organization"},"image":{"@id":"https:\/\/www.yourkingsley.com\/fr\/krach-immobilier-belgique\/#primaryimage"},"thumbnailUrl":"https:\/\/www.yourkingsley.com\/app\/uploads\/2023\/10\/jon-tyson-Cch56zrxJ8w-unsplash-scaled.jpg","keywords":["belgique","construction belgique","krach immobilier","march\u00e9s immobiliers","promoteurs immobiliers","secteur immobilier","tendances immo"],"articleSection":["Finance","Immobilier","News"],"inLanguage":"fr-FR","potentialAction":[{"@type":"CommentAction","name":"Comment","target":["https:\/\/www.yourkingsley.com\/fr\/krach-immobilier-belgique\/#respond"]}]},{"@type":"WebPage","@id":"https:\/\/www.yourkingsley.com\/fr\/krach-immobilier-belgique\/","url":"https:\/\/www.yourkingsley.com\/fr\/krach-immobilier-belgique\/","name":"Vers un krach immobilier en Belgique ? Analyse des signaux pr\u00e9occupants - Kingsley","isPartOf":{"@id":"https:\/\/www.yourkingsley.com\/#website"},"primaryImageOfPage":{"@id":"https:\/\/www.yourkingsley.com\/fr\/krach-immobilier-belgique\/#primaryimage"},"image":{"@id":"https:\/\/www.yourkingsley.com\/fr\/krach-immobilier-belgique\/#primaryimage"},"thumbnailUrl":"https:\/\/www.yourkingsley.com\/app\/uploads\/2023\/10\/jon-tyson-Cch56zrxJ8w-unsplash-scaled.jpg","datePublished":"2023-10-30T10:45:54+00:00","description":"Le march\u00e9 immobilier belge est-il en proie \u00e0 un krach ? Des signaux r\u00e9v\u00e8lent une possible temp\u00eate \u00e0 l'horizon, mais rien n'est jou\u00e9.","breadcrumb":{"@id":"https:\/\/www.yourkingsley.com\/fr\/krach-immobilier-belgique\/#breadcrumb"},"inLanguage":"fr-FR","potentialAction":[{"@type":"ReadAction","target":["https:\/\/www.yourkingsley.com\/fr\/krach-immobilier-belgique\/"]}]},{"@type":"ImageObject","inLanguage":"fr-FR","@id":"https:\/\/www.yourkingsley.com\/fr\/krach-immobilier-belgique\/#primaryimage","url":"https:\/\/www.yourkingsley.com\/app\/uploads\/2023\/10\/jon-tyson-Cch56zrxJ8w-unsplash-scaled.jpg","contentUrl":"https:\/\/www.yourkingsley.com\/app\/uploads\/2023\/10\/jon-tyson-Cch56zrxJ8w-unsplash-scaled.jpg","width":1920,"height":2560,"caption":"krach immobilier en Belgique : faut-il s'inqui\u00e9ter ? analyse des signaux"},{"@type":"BreadcrumbList","@id":"https:\/\/www.yourkingsley.com\/fr\/krach-immobilier-belgique\/#breadcrumb","itemListElement":[{"@type":"ListItem","position":1,"name":"Home","item":"https:\/\/www.yourkingsley.com\/fr\/"},{"@type":"ListItem","position":2,"name":"Vers un krach immobilier en Belgique ? Analyse des signaux pr\u00e9occupants"}]},{"@type":"WebSite","@id":"https:\/\/www.yourkingsley.com\/#website","url":"https:\/\/www.yourkingsley.com\/","name":"Kingsley","description":"Your career companion","publisher":{"@id":"https:\/\/www.yourkingsley.com\/#organization"},"potentialAction":[{"@type":"SearchAction","target":{"@type":"EntryPoint","urlTemplate":"https:\/\/www.yourkingsley.com\/?s={search_term_string}"},"query-input":{"@type":"PropertyValueSpecification","valueRequired":true,"valueName":"search_term_string"}}],"inLanguage":"fr-FR"},{"@type":"Organization","@id":"https:\/\/www.yourkingsley.com\/#organization","name":"Kingsley","url":"https:\/\/www.yourkingsley.com\/","logo":{"@type":"ImageObject","inLanguage":"fr-FR","@id":"https:\/\/www.yourkingsley.com\/#\/schema\/logo\/image\/","url":"https:\/\/www.yourkingsley.com\/app\/uploads\/2022\/06\/logo.svg","contentUrl":"https:\/\/www.yourkingsley.com\/app\/uploads\/2022\/06\/logo.svg","caption":"Kingsley"},"image":{"@id":"https:\/\/www.yourkingsley.com\/#\/schema\/logo\/image\/"},"sameAs":["https:\/\/www.facebook.com\/yourkingsley","https:\/\/www.linkedin.com\/company\/your-kingsley\/"]},{"@type":"Person","@id":"https:\/\/www.yourkingsley.com\/#\/schema\/person\/dd02c53fe894e14c5f62a4e49e330f91","name":"Diana Balan","image":{"@type":"ImageObject","inLanguage":"fr-FR","@id":"https:\/\/www.yourkingsley.com\/#\/schema\/person\/image\/","url":"https:\/\/secure.gravatar.com\/avatar\/fbf1b9a7a22ab8265eb3cf50c54d75de85c06774e2b13c54c57a6ee438aa28b3?s=96&d=mm&r=g","contentUrl":"https:\/\/secure.gravatar.com\/avatar\/fbf1b9a7a22ab8265eb3cf50c54d75de85c06774e2b13c54c57a6ee438aa28b3?s=96&d=mm&r=g","caption":"Diana Balan"}}]}},"_links":{"self":[{"href":"https:\/\/www.yourkingsley.com\/fr\/wp-json\/wp\/v2\/posts\/5849","targetHints":{"allow":["GET"]}}],"collection":[{"href":"https:\/\/www.yourkingsley.com\/fr\/wp-json\/wp\/v2\/posts"}],"about":[{"href":"https:\/\/www.yourkingsley.com\/fr\/wp-json\/wp\/v2\/types\/post"}],"author":[{"embeddable":true,"href":"https:\/\/www.yourkingsley.com\/fr\/wp-json\/wp\/v2\/users\/95"}],"replies":[{"embeddable":true,"href":"https:\/\/www.yourkingsley.com\/fr\/wp-json\/wp\/v2\/comments?post=5849"}],"version-history":[{"count":0,"href":"https:\/\/www.yourkingsley.com\/fr\/wp-json\/wp\/v2\/posts\/5849\/revisions"}],"wp:featuredmedia":[{"embeddable":true,"href":"https:\/\/www.yourkingsley.com\/fr\/wp-json\/wp\/v2\/media\/5850"}],"wp:attachment":[{"href":"https:\/\/www.yourkingsley.com\/fr\/wp-json\/wp\/v2\/media?parent=5849"}],"wp:term":[{"taxonomy":"category","embeddable":true,"href":"https:\/\/www.yourkingsley.com\/fr\/wp-json\/wp\/v2\/categories?post=5849"},{"taxonomy":"post_tag","embeddable":true,"href":"https:\/\/www.yourkingsley.com\/fr\/wp-json\/wp\/v2\/tags?post=5849"}],"curies":[{"name":"wp","href":"https:\/\/api.w.org\/{rel}","templated":true}]}}