{"id":2504,"date":"2022-11-24T17:23:19","date_gmt":"2022-11-24T15:23:19","guid":{"rendered":"https:\/\/www.yourkingsley.com\/?p=2504"},"modified":"2023-02-10T16:29:46","modified_gmt":"2023-02-10T14:29:46","slug":"bruxelles-une-reference-europeenne-en-matiere-de-construction-durable","status":"publish","type":"post","link":"https:\/\/www.yourkingsley.com\/fr\/bruxelles-une-reference-europeenne-en-matiere-de-construction-durable\/","title":{"rendered":"Bruxelles, une r\u00e9f\u00e9rence europ\u00e9enne en mati\u00e8re de construction durable"},"content":{"rendered":"<p>Apr\u00e8s avoir adopt\u00e9 en une seule fois toutes les normes pour devenir une ville passive en 2015, Bruxelles d\u00e9tient\u00a0<strong>la premi\u00e8re place du<\/strong>\u00a0<strong>palmar\u00e8s des villes innovantes en Europe\u00a0<\/strong>et met \u00e0 la disposition de toutes les professions de la cha\u00eene de valeur de la construction durable une expertise adapt\u00e9e. Actuellement, le secteur de la construction durable ne cesse de cro\u00eetre au sein de la capitale de l\u2019Europe. De plus en plus d\u2019entreprises\u00a0<strong>se sp\u00e9cialisent dans la construction durable<\/strong>\u00a0en d\u00e9veloppant des concepts innovants qui fonctionnent \u00e0 merveille.<\/p>\n<h3>La premi\u00e8re ville passive et verte, gr\u00e2ce \u00e0 une exp\u00e9rimentation r\u00e9ussie<\/h3>\n<p>En prenant la d\u00e9cision de passer sans d\u00e9tour au passif en 2015 et apr\u00e8s l\u2019introduction du\u00a0<a href=\"https:\/\/environnement.brussels\/thematiques\/batiment\/la-performance-energetique-des-batiments-peb\/le-certificat-peb\">PEB<\/a>, Bruxelles est avantag\u00e9e par\u00a0<strong>une d\u00e9cennie d\u2019avance sur tous les autres pays du monde<\/strong>. Disposant en ce moment de ressources en abondance, Bruxelles est la premi\u00e8re ville devenue passive dans le monde. Avec plus de 200 entreprises et une trentaine de partenaires, les responsables ont su imposer les nouvelles dispositions y aff\u00e9rant : tous les nouveaux projets immobiliers et les travaux de r\u00e9novation, repr\u00e9sentant 75 % de l\u2019ensemble du parc immobilier de la ville, doivent respecter les normes passives.<\/p>\n<p>Selon Emmanuel Malfeyt, coordinateur du Cluster ecobuild.brussels, si la Wallonie et la Flandre instaurent progressivement les normes passives, en Belgique, les professionnels du secteur ont d\u00fb s\u2019y adapter d\u2019une mani\u00e8re instantan\u00e9e. Ils ont eu l\u2019occasion de mettre en \u0153uvre des concepts concrets dans une zone urbaine et l\u2019exp\u00e9rience pratique qui en d\u00e9coule a renforc\u00e9 leur ma\u00eetrise de la construction durable.<\/p>\n<h3 id=\"kt-adv-heading_9eeaa4-f9\" class=\"kt-adv-heading_9eeaa4-f9 wp-block-kadence-advancedheading\">Des id\u00e9es innovantes qui m\u00e8nent Bruxelles au sommet du classement des villes \u00e9cologiques<\/h3>\n<p>Les Bruxellois ont su\u00a0<strong>innover en mati\u00e8re de standards \u00e9cologiques\u00a0<\/strong>dans le domaine de la r\u00e9novation de b\u00e2timent :<br \/>\n\u2022 Des techniques sp\u00e9cifiques pour cr\u00e9er un potager sur les toitures ;<br \/>\n\u2022 Avec une consommation \u00e9lectrique annuelle de 15kWh\/m\u00b2 pour le chauffage, la Belgique surpasse l\u2019Allemagne qui stagne \u00e0 45 kWh\/m\u00b2 par an ;<br \/>\n\u2022 L\u2019\u00e9conomie circulaire est la meilleure solution pour lutter contre les \u00e9missions de CO2 ;<br \/>\n\u2022 La construction de b\u00e2timent \u00e0 haute efficacit\u00e9 \u00e9nerg\u00e9tique doit \u00eatre compl\u00e9t\u00e9e par la prise en compte des mat\u00e9riaux produits et de la d\u00e9construction ;<br \/>\n\u2022 Les id\u00e9es innovantes prolif\u00e8rent gr\u00e2ce \u00e0 l\u2019exp\u00e9rimentation dans le cadre des projets \u00ab Be Circular \u00bb.<\/p>\n<h3>La construction durable, une exp\u00e9rience r\u00e9ussite \u00e0 Bruxelles<\/h3>\n<h4 id=\"kt-adv-heading_4da036-04\" class=\"kt-adv-heading_4da036-04 wp-block-kadence-advancedheading\"><strong>1- Skyfarms, un projet en pleine expansion<\/strong><\/h4>\n<p>Le slogan \u00ab Skyfarms, the sky is the green limit \u00bb (Traduire \u00ab Les fermes du ciel, la limite du vert \u00bb) traduit bien l\u2019envergure du projet bruxellois :<br \/>\n\u2022 Planter des l\u00e9gumes pour favoriser le bien-\u00eatre au travail ;<br \/>\n\u2022 Favoriser l\u2019esprit d\u2019entreprise en encourageant un mode de consommation responsable ;<br \/>\n\u2022 Skyfarms permet de tripler les avantages d\u2019un potager.<br \/>\nLe<strong><a href=\"https:\/\/www.skyfarms.be\/\">\u00a0projet Skyfarms<\/a>\u00a0<\/strong>est une id\u00e9e de deux professionnels qui ont fusionn\u00e9 leurs connaissances et leurs exp\u00e9riences \u00e0 l\u2019issue d\u2019un weekend \u00ab Entrepreneurs \u00bb sur le d\u00e9veloppement durable. Laur\u00e9ats du prix public des hub.awards en 2019, ces entrepreneurs sont \u00e9galement membres du cluster bruxellois. Leur projet, actuellement en pleine expansion, est dans une p\u00e9riode d\u2019investissements.<\/p>\n<h4 id=\"kt-adv-heading_56067a-8a\" class=\"kt-adv-heading_56067a-8a wp-block-kadence-advancedheading\"><strong>2- A2M, un bureau d\u2019architectes pleinement investi dans la construction verte<\/strong><\/h4>\n<p><a href=\"https:\/\/www.a2m.be\/\"><strong>A2M<\/strong>\u00a0<\/a>est une agence\u00a0<strong>sp\u00e9cialis\u00e9e dans l\u2019architecture \u00e9cologique r\u00e9siliente<\/strong>\u00a0qui se distingue par les r\u00e9compenses obtenues gr\u00e2ce \u00e0 19 projets class\u00e9s \u00ab B\u00e2timents exemplaires de la R\u00e9gion bruxelloise \u00bb. Aujourd\u2019hui, ce cabinet d\u2019architectes occupe une position cl\u00e9 dans le domaine de la construction verte \u00e0 Bruxelles et occupe la meilleure place sur le plan international dans ce secteur d\u2019activit\u00e9.<\/p>\n<p>Dirig\u00e9 par Sebastian Moreno-Vacca, un\u00a0<strong>architecte visionnaire travaillant avec 25 professionnels proactifs<\/strong>, A2M se d\u00e9marque en mettant en avant une architecture r\u00e9siliente qui s\u2019harmonise avec les \u00e9volutions programmatiques (transformation d\u2019un bureau en logement), ainsi qu\u2019avec les changements technologiques et \u00e9cologiques.<\/p>\n<p>L\u2019agence veut contribuer \u00e0 la r\u00e9g\u00e9n\u00e9ration du climat en participant \u00e0 la \u00ab\u00a0<strong>cr\u00e9ation de villes sans carbone<\/strong>\u00a0\u00bb (carbon neutral). Certains collaborateurs n\u2019h\u00e9sitent pas \u00e0\u00a0<strong>exporter, d\u2019une mani\u00e8re active, leurs exp\u00e9riences<\/strong>\u00a0dans le passif dans d\u2019autres villes europ\u00e9ennes, mais \u00e9galement aux \u00c9tats-Unis depuis peu. Le travail et les efforts de ces professionnels avancent progressivement !<\/p>\n<h4 id=\"kt-adv-heading_cd6f3e-46\" class=\"kt-adv-heading_cd6f3e-46 wp-block-kadence-advancedheading\"><strong>3- BATITERRE : la r\u00e9cup\u00e9ration et le recyclage en guise de mat\u00e9riaux de construction<\/strong><\/h4>\n<p><a href=\"https:\/\/www.groupebatiterre.com\/\"><strong>BATITERRE<\/strong><\/a>\u00a0figure parmi les entreprises les plus actives en Bruxelles. Fond\u00e9e sur la base de la d\u00e9construction minutieuse en vue de r\u00e9cup\u00e9rer le maximum de mat\u00e9riaux r\u00e9utilisables, BATITERRE a mis en place une fili\u00e8re de\u00a0<strong>r\u00e9utilisation des mat\u00e9riaux de construction r\u00e9cup\u00e9rables<\/strong>. Cette initiative \u00e9cologique est boost\u00e9e par un service de livraison gratuit des mat\u00e9riaux.<\/p>\n<p>Ce projet qui s\u2019inscrit dans le d\u00e9veloppement durable vise \u00e9galement \u00e0\u00a0<strong>former les personnes<\/strong>\u00a0qui ne parviennent pas \u00e0 trouver un emploi. Apr\u00e8s une premi\u00e8re ann\u00e9e d\u2019exp\u00e9rience dans le backpacking, Nicolas Smets, un jeune ing\u00e9nieur de gestion, voulait travailler dans un domaine qui correspond \u00e0 ses comp\u00e9tences. Gr\u00e2ce \u00e0 la collaboration entre\u00a0<a href=\"https:\/\/www.batigroupe.eu\/fr\">Batigroupe<\/a>\u00a0(entreprise sp\u00e9cialis\u00e9e dans la construction durable) et le\u00a0<a href=\"https:\/\/www.groupeterre.org\/\">groupe Terre\u00a0<\/a>(professionnel de la r\u00e9cup\u00e9ration de v\u00eatements), le jeune technicien a trouv\u00e9 sa voie.<\/p>\n<p>Ce projet dont la phase pilote est concluante a \u00e9t\u00e9 achev\u00e9 \u00e0 la fin de l\u2019ann\u00e9e 2019. Le d\u00e9veloppement des activit\u00e9s de BATITERRE est envisag\u00e9 \u00e0 travers le recrutement d\u2019un collaborateur charg\u00e9 de la cr\u00e9ation d\u2019emploi au niveau local.<\/p>\n","protected":false},"excerpt":{"rendered":"<p>Apr\u00e8s avoir adopt\u00e9 en une seule fois toutes les normes pour devenir une ville passive en 2015, Bruxelles d\u00e9tient\u00a0la premi\u00e8re place du\u00a0palmar\u00e8s des villes innovantes en Europe\u00a0et met \u00e0 la disposition de toutes les professions de la cha\u00eene de valeur de la construction durable une expertise adapt\u00e9e. Actuellement, le secteur de la construction durable ne [&hellip;]<\/p>\n","protected":false},"author":95,"featured_media":2505,"comment_status":"open","ping_status":"open","sticky":false,"template":"","format":"standard","meta":{"_acf_changed":false,"footnotes":""},"categories":[495],"tags":[643,644,645,646,648,649,647],"class_list":["post-2504","post","type-post","status-publish","format-standard","has-post-thumbnail","hentry","category-news-2","tag-bureau-darchitecte","tag-construction-verte","tag-durable","tag-experience","tag-idees-innovantes","tag-recyclage","tag-ville-passive"],"metadata":{"m_date":"24\/11\/22","img":"https:\/\/www.yourkingsley.com\/app\/uploads\/2022\/11\/MonslayQuote-17.png"},"acf":[],"yoast_head":"<!-- This site is optimized with the Yoast SEO plugin v27.1.1 - https:\/\/yoast.com\/product\/yoast-seo-wordpress\/ -->\n<title>Bruxelles, une r\u00e9f\u00e9rence europ\u00e9enne en mati\u00e8re de construction durable - Kingsley<\/title>\n<meta name=\"description\" content=\"Bruxelles d\u00e9tient\u00a0la premi\u00e8re place du\u00a0palmar\u00e8s des villes innovantes en Europe, le secteur de la construction durable ne cesse d&#039;y cro\u00eetre.\" \/>\n<meta name=\"robots\" content=\"index, follow, max-snippet:-1, max-image-preview:large, max-video-preview:-1\" \/>\n<link rel=\"canonical\" href=\"https:\/\/www.yourkingsley.com\/fr\/bruxelles-une-reference-europeenne-en-matiere-de-construction-durable\/\" \/>\n<meta property=\"og:locale\" content=\"fr_FR\" \/>\n<meta property=\"og:type\" content=\"article\" \/>\n<meta property=\"og:title\" content=\"Bruxelles, une r\u00e9f\u00e9rence europ\u00e9enne en mati\u00e8re de construction durable - Kingsley\" \/>\n<meta property=\"og:description\" content=\"Bruxelles d\u00e9tient\u00a0la premi\u00e8re place du\u00a0palmar\u00e8s des villes innovantes en Europe, le secteur de la construction durable ne cesse d&#039;y cro\u00eetre.\" \/>\n<meta property=\"og:url\" content=\"https:\/\/www.yourkingsley.com\/fr\/bruxelles-une-reference-europeenne-en-matiere-de-construction-durable\/\" \/>\n<meta property=\"og:site_name\" content=\"Kingsley\" \/>\n<meta property=\"article:publisher\" content=\"https:\/\/www.facebook.com\/yourkingsley\" \/>\n<meta property=\"article:published_time\" content=\"2022-11-24T15:23:19+00:00\" \/>\n<meta property=\"article:modified_time\" content=\"2023-02-10T14:29:46+00:00\" \/>\n<meta property=\"og:image\" content=\"https:\/\/www.yourkingsley.com\/app\/uploads\/2022\/11\/MonslayQuote-17.png\" \/>\n\t<meta property=\"og:image:width\" content=\"1000\" \/>\n\t<meta property=\"og:image:height\" content=\"1000\" \/>\n\t<meta property=\"og:image:type\" content=\"image\/png\" \/>\n<meta name=\"author\" content=\"Diana Balan\" \/>\n<meta name=\"twitter:card\" content=\"summary_large_image\" \/>\n<meta name=\"twitter:label1\" content=\"\u00c9crit par\" \/>\n\t<meta name=\"twitter:data1\" content=\"Diana Balan\" \/>\n\t<meta name=\"twitter:label2\" content=\"Dur\u00e9e de lecture estim\u00e9e\" \/>\n\t<meta name=\"twitter:data2\" content=\"5 minutes\" \/>\n<script type=\"application\/ld+json\" class=\"yoast-schema-graph\">{\"@context\":\"https:\/\/schema.org\",\"@graph\":[{\"@type\":\"Article\",\"@id\":\"https:\/\/www.yourkingsley.com\/fr\/bruxelles-une-reference-europeenne-en-matiere-de-construction-durable\/#article\",\"isPartOf\":{\"@id\":\"https:\/\/www.yourkingsley.com\/fr\/bruxelles-une-reference-europeenne-en-matiere-de-construction-durable\/\"},\"author\":{\"name\":\"Diana Balan\",\"@id\":\"https:\/\/www.yourkingsley.com\/#\/schema\/person\/dd02c53fe894e14c5f62a4e49e330f91\"},\"headline\":\"Bruxelles, une r\u00e9f\u00e9rence europ\u00e9enne en mati\u00e8re de construction durable\",\"datePublished\":\"2022-11-24T15:23:19+00:00\",\"dateModified\":\"2023-02-10T14:29:46+00:00\",\"mainEntityOfPage\":{\"@id\":\"https:\/\/www.yourkingsley.com\/fr\/bruxelles-une-reference-europeenne-en-matiere-de-construction-durable\/\"},\"wordCount\":959,\"commentCount\":0,\"publisher\":{\"@id\":\"https:\/\/www.yourkingsley.com\/#organization\"},\"image\":{\"@id\":\"https:\/\/www.yourkingsley.com\/fr\/bruxelles-une-reference-europeenne-en-matiere-de-construction-durable\/#primaryimage\"},\"thumbnailUrl\":\"https:\/\/www.yourkingsley.com\/app\/uploads\/2022\/11\/MonslayQuote-17.png\",\"keywords\":[\"bureau d'architecte\",\"construction verte\",\"durable\",\"exp\u00e9rience\",\"id\u00e9es innovantes\",\"recyclage\",\"ville passive\"],\"articleSection\":[\"News\"],\"inLanguage\":\"fr-FR\",\"potentialAction\":[{\"@type\":\"CommentAction\",\"name\":\"Comment\",\"target\":[\"https:\/\/www.yourkingsley.com\/fr\/bruxelles-une-reference-europeenne-en-matiere-de-construction-durable\/#respond\"]}]},{\"@type\":\"WebPage\",\"@id\":\"https:\/\/www.yourkingsley.com\/fr\/bruxelles-une-reference-europeenne-en-matiere-de-construction-durable\/\",\"url\":\"https:\/\/www.yourkingsley.com\/fr\/bruxelles-une-reference-europeenne-en-matiere-de-construction-durable\/\",\"name\":\"Bruxelles, une r\u00e9f\u00e9rence europ\u00e9enne en mati\u00e8re de construction durable - Kingsley\",\"isPartOf\":{\"@id\":\"https:\/\/www.yourkingsley.com\/#website\"},\"primaryImageOfPage\":{\"@id\":\"https:\/\/www.yourkingsley.com\/fr\/bruxelles-une-reference-europeenne-en-matiere-de-construction-durable\/#primaryimage\"},\"image\":{\"@id\":\"https:\/\/www.yourkingsley.com\/fr\/bruxelles-une-reference-europeenne-en-matiere-de-construction-durable\/#primaryimage\"},\"thumbnailUrl\":\"https:\/\/www.yourkingsley.com\/app\/uploads\/2022\/11\/MonslayQuote-17.png\",\"datePublished\":\"2022-11-24T15:23:19+00:00\",\"dateModified\":\"2023-02-10T14:29:46+00:00\",\"description\":\"Bruxelles d\u00e9tient\u00a0la premi\u00e8re place du\u00a0palmar\u00e8s des villes innovantes en Europe, le secteur de la construction durable ne cesse d'y cro\u00eetre.\",\"breadcrumb\":{\"@id\":\"https:\/\/www.yourkingsley.com\/fr\/bruxelles-une-reference-europeenne-en-matiere-de-construction-durable\/#breadcrumb\"},\"inLanguage\":\"fr-FR\",\"potentialAction\":[{\"@type\":\"ReadAction\",\"target\":[\"https:\/\/www.yourkingsley.com\/fr\/bruxelles-une-reference-europeenne-en-matiere-de-construction-durable\/\"]}]},{\"@type\":\"ImageObject\",\"inLanguage\":\"fr-FR\",\"@id\":\"https:\/\/www.yourkingsley.com\/fr\/bruxelles-une-reference-europeenne-en-matiere-de-construction-durable\/#primaryimage\",\"url\":\"https:\/\/www.yourkingsley.com\/app\/uploads\/2022\/11\/MonslayQuote-17.png\",\"contentUrl\":\"https:\/\/www.yourkingsley.com\/app\/uploads\/2022\/11\/MonslayQuote-17.png\",\"width\":1000,\"height\":1000,\"caption\":\"Construction durable Bruxelles\"},{\"@type\":\"BreadcrumbList\",\"@id\":\"https:\/\/www.yourkingsley.com\/fr\/bruxelles-une-reference-europeenne-en-matiere-de-construction-durable\/#breadcrumb\",\"itemListElement\":[{\"@type\":\"ListItem\",\"position\":1,\"name\":\"Home\",\"item\":\"https:\/\/www.yourkingsley.com\/fr\/\"},{\"@type\":\"ListItem\",\"position\":2,\"name\":\"Bruxelles, une r\u00e9f\u00e9rence europ\u00e9enne en mati\u00e8re de construction durable\"}]},{\"@type\":\"WebSite\",\"@id\":\"https:\/\/www.yourkingsley.com\/#website\",\"url\":\"https:\/\/www.yourkingsley.com\/\",\"name\":\"Kingsley\",\"description\":\"Your career companion\",\"publisher\":{\"@id\":\"https:\/\/www.yourkingsley.com\/#organization\"},\"potentialAction\":[{\"@type\":\"SearchAction\",\"target\":{\"@type\":\"EntryPoint\",\"urlTemplate\":\"https:\/\/www.yourkingsley.com\/?s={search_term_string}\"},\"query-input\":{\"@type\":\"PropertyValueSpecification\",\"valueRequired\":true,\"valueName\":\"search_term_string\"}}],\"inLanguage\":\"fr-FR\"},{\"@type\":\"Organization\",\"@id\":\"https:\/\/www.yourkingsley.com\/#organization\",\"name\":\"Kingsley\",\"url\":\"https:\/\/www.yourkingsley.com\/\",\"logo\":{\"@type\":\"ImageObject\",\"inLanguage\":\"fr-FR\",\"@id\":\"https:\/\/www.yourkingsley.com\/#\/schema\/logo\/image\/\",\"url\":\"https:\/\/www.yourkingsley.com\/app\/uploads\/2022\/06\/logo.svg\",\"contentUrl\":\"https:\/\/www.yourkingsley.com\/app\/uploads\/2022\/06\/logo.svg\",\"caption\":\"Kingsley\"},\"image\":{\"@id\":\"https:\/\/www.yourkingsley.com\/#\/schema\/logo\/image\/\"},\"sameAs\":[\"https:\/\/www.facebook.com\/yourkingsley\",\"https:\/\/www.linkedin.com\/company\/your-kingsley\/\"]},{\"@type\":\"Person\",\"@id\":\"https:\/\/www.yourkingsley.com\/#\/schema\/person\/dd02c53fe894e14c5f62a4e49e330f91\",\"name\":\"Diana Balan\",\"image\":{\"@type\":\"ImageObject\",\"inLanguage\":\"fr-FR\",\"@id\":\"https:\/\/www.yourkingsley.com\/#\/schema\/person\/image\/\",\"url\":\"https:\/\/secure.gravatar.com\/avatar\/fbf1b9a7a22ab8265eb3cf50c54d75de85c06774e2b13c54c57a6ee438aa28b3?s=96&d=mm&r=g\",\"contentUrl\":\"https:\/\/secure.gravatar.com\/avatar\/fbf1b9a7a22ab8265eb3cf50c54d75de85c06774e2b13c54c57a6ee438aa28b3?s=96&d=mm&r=g\",\"caption\":\"Diana Balan\"}}]}<\/script>\n<!-- \/ Yoast SEO plugin. -->","yoast_head_json":{"title":"Bruxelles, une r\u00e9f\u00e9rence europ\u00e9enne en mati\u00e8re de construction durable - Kingsley","description":"Bruxelles d\u00e9tient\u00a0la premi\u00e8re place du\u00a0palmar\u00e8s des villes innovantes en Europe, le secteur de la construction durable ne cesse d'y cro\u00eetre.","robots":{"index":"index","follow":"follow","max-snippet":"max-snippet:-1","max-image-preview":"max-image-preview:large","max-video-preview":"max-video-preview:-1"},"canonical":"https:\/\/www.yourkingsley.com\/fr\/bruxelles-une-reference-europeenne-en-matiere-de-construction-durable\/","og_locale":"fr_FR","og_type":"article","og_title":"Bruxelles, une r\u00e9f\u00e9rence europ\u00e9enne en mati\u00e8re de construction durable - Kingsley","og_description":"Bruxelles d\u00e9tient\u00a0la premi\u00e8re place du\u00a0palmar\u00e8s des villes innovantes en Europe, le secteur de la construction durable ne cesse d'y cro\u00eetre.","og_url":"https:\/\/www.yourkingsley.com\/fr\/bruxelles-une-reference-europeenne-en-matiere-de-construction-durable\/","og_site_name":"Kingsley","article_publisher":"https:\/\/www.facebook.com\/yourkingsley","article_published_time":"2022-11-24T15:23:19+00:00","article_modified_time":"2023-02-10T14:29:46+00:00","og_image":[{"width":1000,"height":1000,"url":"https:\/\/www.yourkingsley.com\/app\/uploads\/2022\/11\/MonslayQuote-17.png","type":"image\/png"}],"author":"Diana Balan","twitter_card":"summary_large_image","twitter_misc":{"\u00c9crit par":"Diana Balan","Dur\u00e9e de lecture estim\u00e9e":"5 minutes"},"schema":{"@context":"https:\/\/schema.org","@graph":[{"@type":"Article","@id":"https:\/\/www.yourkingsley.com\/fr\/bruxelles-une-reference-europeenne-en-matiere-de-construction-durable\/#article","isPartOf":{"@id":"https:\/\/www.yourkingsley.com\/fr\/bruxelles-une-reference-europeenne-en-matiere-de-construction-durable\/"},"author":{"name":"Diana Balan","@id":"https:\/\/www.yourkingsley.com\/#\/schema\/person\/dd02c53fe894e14c5f62a4e49e330f91"},"headline":"Bruxelles, une r\u00e9f\u00e9rence europ\u00e9enne en mati\u00e8re de construction durable","datePublished":"2022-11-24T15:23:19+00:00","dateModified":"2023-02-10T14:29:46+00:00","mainEntityOfPage":{"@id":"https:\/\/www.yourkingsley.com\/fr\/bruxelles-une-reference-europeenne-en-matiere-de-construction-durable\/"},"wordCount":959,"commentCount":0,"publisher":{"@id":"https:\/\/www.yourkingsley.com\/#organization"},"image":{"@id":"https:\/\/www.yourkingsley.com\/fr\/bruxelles-une-reference-europeenne-en-matiere-de-construction-durable\/#primaryimage"},"thumbnailUrl":"https:\/\/www.yourkingsley.com\/app\/uploads\/2022\/11\/MonslayQuote-17.png","keywords":["bureau d'architecte","construction verte","durable","exp\u00e9rience","id\u00e9es innovantes","recyclage","ville passive"],"articleSection":["News"],"inLanguage":"fr-FR","potentialAction":[{"@type":"CommentAction","name":"Comment","target":["https:\/\/www.yourkingsley.com\/fr\/bruxelles-une-reference-europeenne-en-matiere-de-construction-durable\/#respond"]}]},{"@type":"WebPage","@id":"https:\/\/www.yourkingsley.com\/fr\/bruxelles-une-reference-europeenne-en-matiere-de-construction-durable\/","url":"https:\/\/www.yourkingsley.com\/fr\/bruxelles-une-reference-europeenne-en-matiere-de-construction-durable\/","name":"Bruxelles, une r\u00e9f\u00e9rence europ\u00e9enne en mati\u00e8re de construction durable - Kingsley","isPartOf":{"@id":"https:\/\/www.yourkingsley.com\/#website"},"primaryImageOfPage":{"@id":"https:\/\/www.yourkingsley.com\/fr\/bruxelles-une-reference-europeenne-en-matiere-de-construction-durable\/#primaryimage"},"image":{"@id":"https:\/\/www.yourkingsley.com\/fr\/bruxelles-une-reference-europeenne-en-matiere-de-construction-durable\/#primaryimage"},"thumbnailUrl":"https:\/\/www.yourkingsley.com\/app\/uploads\/2022\/11\/MonslayQuote-17.png","datePublished":"2022-11-24T15:23:19+00:00","dateModified":"2023-02-10T14:29:46+00:00","description":"Bruxelles d\u00e9tient\u00a0la premi\u00e8re place du\u00a0palmar\u00e8s des villes innovantes en Europe, le secteur de la construction durable ne cesse d'y cro\u00eetre.","breadcrumb":{"@id":"https:\/\/www.yourkingsley.com\/fr\/bruxelles-une-reference-europeenne-en-matiere-de-construction-durable\/#breadcrumb"},"inLanguage":"fr-FR","potentialAction":[{"@type":"ReadAction","target":["https:\/\/www.yourkingsley.com\/fr\/bruxelles-une-reference-europeenne-en-matiere-de-construction-durable\/"]}]},{"@type":"ImageObject","inLanguage":"fr-FR","@id":"https:\/\/www.yourkingsley.com\/fr\/bruxelles-une-reference-europeenne-en-matiere-de-construction-durable\/#primaryimage","url":"https:\/\/www.yourkingsley.com\/app\/uploads\/2022\/11\/MonslayQuote-17.png","contentUrl":"https:\/\/www.yourkingsley.com\/app\/uploads\/2022\/11\/MonslayQuote-17.png","width":1000,"height":1000,"caption":"Construction durable Bruxelles"},{"@type":"BreadcrumbList","@id":"https:\/\/www.yourkingsley.com\/fr\/bruxelles-une-reference-europeenne-en-matiere-de-construction-durable\/#breadcrumb","itemListElement":[{"@type":"ListItem","position":1,"name":"Home","item":"https:\/\/www.yourkingsley.com\/fr\/"},{"@type":"ListItem","position":2,"name":"Bruxelles, une r\u00e9f\u00e9rence europ\u00e9enne en mati\u00e8re de construction durable"}]},{"@type":"WebSite","@id":"https:\/\/www.yourkingsley.com\/#website","url":"https:\/\/www.yourkingsley.com\/","name":"Kingsley","description":"Your career companion","publisher":{"@id":"https:\/\/www.yourkingsley.com\/#organization"},"potentialAction":[{"@type":"SearchAction","target":{"@type":"EntryPoint","urlTemplate":"https:\/\/www.yourkingsley.com\/?s={search_term_string}"},"query-input":{"@type":"PropertyValueSpecification","valueRequired":true,"valueName":"search_term_string"}}],"inLanguage":"fr-FR"},{"@type":"Organization","@id":"https:\/\/www.yourkingsley.com\/#organization","name":"Kingsley","url":"https:\/\/www.yourkingsley.com\/","logo":{"@type":"ImageObject","inLanguage":"fr-FR","@id":"https:\/\/www.yourkingsley.com\/#\/schema\/logo\/image\/","url":"https:\/\/www.yourkingsley.com\/app\/uploads\/2022\/06\/logo.svg","contentUrl":"https:\/\/www.yourkingsley.com\/app\/uploads\/2022\/06\/logo.svg","caption":"Kingsley"},"image":{"@id":"https:\/\/www.yourkingsley.com\/#\/schema\/logo\/image\/"},"sameAs":["https:\/\/www.facebook.com\/yourkingsley","https:\/\/www.linkedin.com\/company\/your-kingsley\/"]},{"@type":"Person","@id":"https:\/\/www.yourkingsley.com\/#\/schema\/person\/dd02c53fe894e14c5f62a4e49e330f91","name":"Diana Balan","image":{"@type":"ImageObject","inLanguage":"fr-FR","@id":"https:\/\/www.yourkingsley.com\/#\/schema\/person\/image\/","url":"https:\/\/secure.gravatar.com\/avatar\/fbf1b9a7a22ab8265eb3cf50c54d75de85c06774e2b13c54c57a6ee438aa28b3?s=96&d=mm&r=g","contentUrl":"https:\/\/secure.gravatar.com\/avatar\/fbf1b9a7a22ab8265eb3cf50c54d75de85c06774e2b13c54c57a6ee438aa28b3?s=96&d=mm&r=g","caption":"Diana Balan"}}]}},"_links":{"self":[{"href":"https:\/\/www.yourkingsley.com\/fr\/wp-json\/wp\/v2\/posts\/2504","targetHints":{"allow":["GET"]}}],"collection":[{"href":"https:\/\/www.yourkingsley.com\/fr\/wp-json\/wp\/v2\/posts"}],"about":[{"href":"https:\/\/www.yourkingsley.com\/fr\/wp-json\/wp\/v2\/types\/post"}],"author":[{"embeddable":true,"href":"https:\/\/www.yourkingsley.com\/fr\/wp-json\/wp\/v2\/users\/95"}],"replies":[{"embeddable":true,"href":"https:\/\/www.yourkingsley.com\/fr\/wp-json\/wp\/v2\/comments?post=2504"}],"version-history":[{"count":0,"href":"https:\/\/www.yourkingsley.com\/fr\/wp-json\/wp\/v2\/posts\/2504\/revisions"}],"wp:featuredmedia":[{"embeddable":true,"href":"https:\/\/www.yourkingsley.com\/fr\/wp-json\/wp\/v2\/media\/2505"}],"wp:attachment":[{"href":"https:\/\/www.yourkingsley.com\/fr\/wp-json\/wp\/v2\/media?parent=2504"}],"wp:term":[{"taxonomy":"category","embeddable":true,"href":"https:\/\/www.yourkingsley.com\/fr\/wp-json\/wp\/v2\/categories?post=2504"},{"taxonomy":"post_tag","embeddable":true,"href":"https:\/\/www.yourkingsley.com\/fr\/wp-json\/wp\/v2\/tags?post=2504"}],"curies":[{"name":"wp","href":"https:\/\/api.w.org\/{rel}","templated":true}]}}