{"id":15816,"date":"2026-04-01T09:32:10","date_gmt":"2026-04-01T08:32:10","guid":{"rendered":"https:\/\/www.yourkingsley.com\/?p=15816"},"modified":"2026-04-01T09:32:10","modified_gmt":"2026-04-01T08:32:10","slug":"ia-architecture-menace-ou-levier-de-competitivite-philippe-verdussen-archi2000","status":"publish","type":"post","link":"https:\/\/www.yourkingsley.com\/fr\/ia-architecture-menace-ou-levier-de-competitivite-philippe-verdussen-archi2000\/","title":{"rendered":"L&#8217;IA dans l&#8217;architecture : menace ou levier de comp\u00e9titivit\u00e9 ?"},"content":{"rendered":"<p data-start=\"349\" data-end=\"573\">Il y a 35 ans, Philippe Verdussen, fondateur d\u2019ARCHi2000, faisait appel \u00e0 un aquarelliste pour repr\u00e9senter ses projets. Aujourd\u2019hui, une image photor\u00e9aliste peut \u00eatre produite en quelques heures. Demain, en quelques minutes.<\/p>\n<p data-start=\"575\" data-end=\"861\">Cette \u00e9volution d\u00e9passe largement la simple am\u00e9lioration d\u2019outils. Elle traduit un changement profond dans la mani\u00e8re de concevoir, de pr\u00e9senter et de vendre un projet architectural. L\u2019intelligence artificielle ne s\u2019ajoute pas au m\u00e9tier : elle en red\u00e9finit progressivement les contours.<\/p>\n<h3 data-section-id=\"1orrbjs\" data-start=\"965\" data-end=\"1022\"><\/h3>\n<h3 data-section-id=\"1orrbjs\" data-start=\"965\" data-end=\"1022\">Un secteur en transition, entre adoption et h\u00e9sitation<\/h3>\n<p data-start=\"1024\" data-end=\"1272\">Le secteur de l\u2019architecture en Europe se trouve aujourd\u2019hui \u00e0 un moment charni\u00e8re. Les enjeux environnementaux, les contraintes \u00e9conomiques et la transformation num\u00e9rique s\u2019entrecroisent, obligeant les agences \u00e0 repenser leurs m\u00e9thodes de travail. Si les outils existent, leur adoption reste encore in\u00e9gale.<\/p>\n<blockquote>\n<p data-start=\"1024\" data-end=\"1272\">Certaines \u00e9quipes commencent \u00e0 ma\u00eetriser ces technologies, tandis que d\u2019autres en sont encore au stade de l\u2019exp\u00e9rimentation, le souligne Philippe Verdussen.<\/p>\n<\/blockquote>\n<p data-start=\"1024\" data-end=\"1272\">Cette phase d\u2019apprentissage cr\u00e9e un \u00e9cart progressif entre les agences qui structurent leur approche et celles qui avancent de mani\u00e8re plus opportuniste.<\/p>\n<p data-start=\"1652\" data-end=\"1803\">Dans ce contexte, l\u2019enjeu n\u2019est plus seulement d\u2019adopter l\u2019IA, mais de comprendre comment l\u2019int\u00e9grer de mani\u00e8re coh\u00e9rente dans les processus existants.<\/p>\n<h3 data-section-id=\"1d8oznf\" data-start=\"1810\" data-end=\"1866\"><\/h3>\n<h3 data-section-id=\"1d8oznf\" data-start=\"1810\" data-end=\"1866\">Des usages concrets qui transforment d\u00e9j\u00e0 la pratique<\/h3>\n<p data-start=\"1868\" data-end=\"2097\">Contrairement \u00e0 une id\u00e9e r\u00e9pandue, l\u2019impact de l\u2019IA ne se limite pas \u00e0 la production d\u2019images. Elle intervient \u00e0 plusieurs niveaux du processus architectural, avec des effets cumul\u00e9s sur la productivit\u00e9 et la qualit\u00e9 des projets.<\/p>\n<p data-start=\"2099\" data-end=\"2162\"><strong>Aujourd\u2019hui, certaines applications sont d\u00e9j\u00e0 bien install\u00e9es :<\/strong><\/p>\n<ul>\n<li data-start=\"2164\" data-end=\"2490\">g\u00e9n\u00e9ration rapide de variantes de conception permettant d\u2019enrichir la phase cr\u00e9ative<\/li>\n<li data-start=\"2164\" data-end=\"2490\">simulation des performances \u00e9nerg\u00e9tiques d\u00e8s les premi\u00e8res esquisses<\/li>\n<li data-start=\"2164\" data-end=\"2490\">cr\u00e9ation d\u2019exp\u00e9riences immersives facilitant la projection des clients<\/li>\n<li data-start=\"2164\" data-end=\"2490\">optimisation des d\u00e9lais de validation gr\u00e2ce \u00e0 une meilleure visualisation des projets<\/li>\n<\/ul>\n<p data-start=\"2492\" data-end=\"2750\">Ces usages ne remplacent pas l\u2019expertise de l\u2019architecte. En revanche, ils modifient profond\u00e9ment la mani\u00e8re dont cette expertise est mobilis\u00e9e, en r\u00e9duisant le temps consacr\u00e9 \u00e0 certaines t\u00e2ches au profit de la r\u00e9flexion strat\u00e9gique et de la relation client.<\/p>\n<h3 data-section-id=\"1ojxyof\" data-start=\"2757\" data-end=\"2810\"><\/h3>\n<h3 data-section-id=\"1ojxyof\" data-start=\"2757\" data-end=\"2810\">Au-del\u00e0 du BIM : une logique d\u2019int\u00e9gration globale<\/h3>\n<p data-start=\"2812\" data-end=\"3036\">Les technologies comme le BIM ont longtemps \u00e9t\u00e9 per\u00e7ues comme le principal levier de transformation num\u00e9rique du secteur. Pourtant, leur adoption reste encore partielle et parfois fragment\u00e9e selon les projets ou les \u00e9quipes.<\/p>\n<p data-start=\"3038\" data-end=\"3256\">L\u2019IA change cette logique. Elle ne s\u2019impose pas comme un outil isol\u00e9, mais comme une couche transversale qui vient enrichir l\u2019ensemble des processus existants : conception, simulation, communication, prise de d\u00e9cision.<\/p>\n<p data-start=\"3258\" data-end=\"3360\">Autrement dit, l\u00e0 o\u00f9 le BIM structure les donn\u00e9es, l\u2019IA permet d\u2019en exploiter pleinement le potentiel.<\/p>\n<p data-start=\"3362\" data-end=\"3544\">Pour les agences, le v\u00e9ritable enjeu est donc moins technologique qu\u2019organisationnel : il s\u2019agit d\u2019int\u00e9grer ces outils de mani\u00e8re fluide, sans complexifier inutilement les workflows.<\/p>\n<h3 data-section-id=\"11wavdx\" data-start=\"3551\" data-end=\"3610\"><\/h3>\n<h3 data-section-id=\"11wavdx\" data-start=\"3551\" data-end=\"3610\">Un impact direct sur les comp\u00e9tences et les recrutements<\/h3>\n<p data-start=\"3612\" data-end=\"3771\">Cette transformation technologique a des r\u00e9percussions imm\u00e9diates sur le march\u00e9 de l\u2019emploi. Le m\u00e9tier d\u2019architecte \u00e9volue, et avec lui les profils recherch\u00e9s.<\/p>\n<p data-start=\"3773\" data-end=\"3996\">Les agences ne cherchent plus uniquement des comp\u00e9tences techniques ou cr\u00e9atives, mais des profils capables de naviguer entre plusieurs dimensions : conception, outils num\u00e9riques, compr\u00e9hension des enjeux globaux du projet.<\/p>\n<p data-start=\"3998\" data-end=\"4033\"><strong>Concr\u00e8tement, cela se traduit par :<\/strong><\/p>\n<p>\u2022 une valorisation croissante des profils hybrides<br data-start=\"4085\" data-end=\"4088\" \/>\u2022 une mont\u00e9e en importance des comp\u00e9tences li\u00e9es aux outils digitaux<br data-start=\"4156\" data-end=\"4159\" \/>\u2022 une tension accrue sur certains r\u00f4les sp\u00e9cialis\u00e9s<\/p>\n<p data-start=\"4214\" data-end=\"4593\">C\u2019est pr\u00e9cis\u00e9ment ce que met en \u00e9vidence notre <a href=\"https:\/\/www.yourkingsley.com\/fr\/guide-des-salaires-real-estate\/\"><strong data-start=\"4261\" data-end=\"4300\">Guide des Salaires Real Estate 2026<\/strong><\/a>, qui propose une cartographie d\u00e9taill\u00e9e des r\u00e9mun\u00e9rations dans le secteur de l\u2019architecture et de l\u2019immobilier. On y observe clairement que les profils capables d\u2019int\u00e9grer ces nouvelles dimensions sont non seulement plus recherch\u00e9s, mais \u00e9galement mieux positionn\u00e9s en termes de r\u00e9mun\u00e9ration.<\/p>\n<h3 data-section-id=\"nnuxka\" data-start=\"4600\" data-end=\"4633\"><\/h3>\n<h3 data-section-id=\"nnuxka\" data-start=\"4600\" data-end=\"4633\">Un secteur habitu\u00e9 \u00e0 s\u2019adapter<\/h3>\n<p data-start=\"4635\" data-end=\"4965\">L\u2019architecture n\u2019en est pas \u00e0 sa premi\u00e8re transformation. Dans notre interview compl\u00e8te avec Philippe Verdussen, il revient notamment sur une p\u00e9riode particuli\u00e8rement marquante : les 600 jours sans gouvernement en Belgique. Une situation qui a mis en lumi\u00e8re la capacit\u00e9 d\u2019adaptation des agences face \u00e0 un environnement incertain.<\/p>\n<p data-start=\"4967\" data-end=\"5196\">Ce parall\u00e8le est int\u00e9ressant. Hier comme aujourd\u2019hui, les acteurs du secteur doivent composer avec des changements structurels rapides. La diff\u00e9rence, c\u2019est que la transformation actuelle est technologique\u2026 et qu\u2019elle s\u2019acc\u00e9l\u00e8re.<\/p>\n<h3 data-section-id=\"8dtpi\" data-start=\"5203\" data-end=\"5216\"><\/h3>\n<h3 data-section-id=\"8dtpi\" data-start=\"5203\" data-end=\"5216\">Conclusion<\/h3>\n<p data-start=\"5218\" data-end=\"5395\">L\u2019intelligence artificielle ne constitue ni une rupture brutale, ni une simple tendance passag\u00e8re. Elle agit comme un acc\u00e9l\u00e9rateur des dynamiques d\u00e9j\u00e0 \u00e0 l\u2019\u0153uvre dans le secteur.<\/p>\n<p data-start=\"5397\" data-end=\"5637\">Pour les agences d\u2019architecture, l\u2019enjeu n\u2019est donc pas de suivre une mode, mais de faire des choix strat\u00e9giques : o\u00f9 investir, quelles comp\u00e9tences d\u00e9velopper, et comment tirer parti de ces outils pour renforcer leur position sur le march\u00e9.<\/p>\n<p data-start=\"5639\" data-end=\"5736\" data-is-last-node=\"\" data-is-only-node=\"\">Dans un environnement de plus en plus comp\u00e9titif, ce sont ces d\u00e9cisions qui feront la diff\u00e9rence.<\/p>\n<p data-start=\"5639\" data-end=\"5736\" data-is-last-node=\"\" data-is-only-node=\"\"><strong>\ud83d\udc49 Pour aller plus loin, regardez la r\u00e9ponse compl\u00e8te de Phillippe Verdussen <a href=\"https:\/\/www.linkedin.com\/feed\/update\/urn:li:activity:7443190116166197248\">en vid\u00e9o<\/a><\/strong><\/p>\n","protected":false},"excerpt":{"rendered":"<p>Il y a 35 ans, Philippe Verdussen, fondateur d\u2019ARCHi2000, faisait appel \u00e0 un aquarelliste pour repr\u00e9senter ses projets. Aujourd\u2019hui, une image photor\u00e9aliste peut \u00eatre produite en quelques heures. Demain, en quelques minutes. Cette \u00e9volution d\u00e9passe largement la simple am\u00e9lioration d\u2019outils. Elle traduit un changement profond dans la mani\u00e8re de concevoir, de pr\u00e9senter et de vendre [&hellip;]<\/p>\n","protected":false},"author":95,"featured_media":15823,"comment_status":"open","ping_status":"open","sticky":false,"template":"","format":"standard","meta":{"_acf_changed":false,"footnotes":""},"categories":[128,1268],"tags":[],"class_list":["post-15816","post","type-post","status-publish","format-standard","has-post-thumbnail","hentry","category-guide-des-salaires-kingsley-series-fr","category-tendance-de-marche"],"metadata":{"m_date":"01\/04\/26","img":"https:\/\/www.yourkingsley.com\/app\/uploads\/2026\/03\/DSC_0433-1152x1440.jpg"},"acf":[],"yoast_head":"<!-- This site is optimized with the Yoast SEO plugin v27.1.1 - https:\/\/yoast.com\/product\/yoast-seo-wordpress\/ -->\n<title>L&#039;IA dans l&#039;architecture : menace ou levier de comp\u00e9titivit\u00e9 ? - Kingsley<\/title>\n<meta name=\"description\" content=\"Comment l\u2019IA transforme le m\u00e9tier d\u2019architecte et cr\u00e9e un avantage comp\u00e9titif pour les agences ? Usages concrets, impact RH et tendances en Belgique \u00e0 d\u00e9couvrir.\" \/>\n<meta name=\"robots\" content=\"index, follow, max-snippet:-1, max-image-preview:large, max-video-preview:-1\" \/>\n<link rel=\"canonical\" href=\"https:\/\/www.yourkingsley.com\/fr\/ia-architecture-menace-ou-levier-de-competitivite-philippe-verdussen-archi2000\/\" \/>\n<meta property=\"og:locale\" content=\"fr_FR\" \/>\n<meta property=\"og:type\" content=\"article\" \/>\n<meta property=\"og:title\" content=\"L&#039;IA dans l&#039;architecture : menace ou levier de comp\u00e9titivit\u00e9 ? - Kingsley\" \/>\n<meta property=\"og:description\" content=\"Comment l\u2019IA transforme le m\u00e9tier d\u2019architecte et cr\u00e9e un avantage comp\u00e9titif pour les agences ? Usages concrets, impact RH et tendances en Belgique \u00e0 d\u00e9couvrir.\" \/>\n<meta property=\"og:url\" content=\"https:\/\/www.yourkingsley.com\/fr\/ia-architecture-menace-ou-levier-de-competitivite-philippe-verdussen-archi2000\/\" \/>\n<meta property=\"og:site_name\" content=\"Kingsley\" \/>\n<meta property=\"article:publisher\" content=\"https:\/\/www.facebook.com\/yourkingsley\" \/>\n<meta property=\"article:published_time\" content=\"2026-04-01T08:32:10+00:00\" \/>\n<meta property=\"og:image\" content=\"https:\/\/www.yourkingsley.com\/app\/uploads\/2026\/03\/DSC_0433-scaled.jpg\" \/>\n\t<meta property=\"og:image:width\" content=\"2048\" \/>\n\t<meta property=\"og:image:height\" content=\"2560\" \/>\n\t<meta property=\"og:image:type\" content=\"image\/jpeg\" \/>\n<meta name=\"author\" content=\"Diana Balan\" \/>\n<meta name=\"twitter:card\" content=\"summary_large_image\" \/>\n<meta name=\"twitter:label1\" content=\"\u00c9crit par\" \/>\n\t<meta name=\"twitter:data1\" content=\"Diana Balan\" \/>\n\t<meta name=\"twitter:label2\" content=\"Dur\u00e9e de lecture estim\u00e9e\" \/>\n\t<meta name=\"twitter:data2\" content=\"4 minutes\" \/>\n<script type=\"application\/ld+json\" class=\"yoast-schema-graph\">{\"@context\":\"https:\/\/schema.org\",\"@graph\":[{\"@type\":\"Article\",\"@id\":\"https:\/\/www.yourkingsley.com\/fr\/ia-architecture-menace-ou-levier-de-competitivite-philippe-verdussen-archi2000\/#article\",\"isPartOf\":{\"@id\":\"https:\/\/www.yourkingsley.com\/fr\/ia-architecture-menace-ou-levier-de-competitivite-philippe-verdussen-archi2000\/\"},\"author\":{\"name\":\"Diana Balan\",\"@id\":\"https:\/\/www.yourkingsley.com\/#\/schema\/person\/dd02c53fe894e14c5f62a4e49e330f91\"},\"headline\":\"L&#8217;IA dans l&#8217;architecture : menace ou levier de comp\u00e9titivit\u00e9 ?\",\"datePublished\":\"2026-04-01T08:32:10+00:00\",\"mainEntityOfPage\":{\"@id\":\"https:\/\/www.yourkingsley.com\/fr\/ia-architecture-menace-ou-levier-de-competitivite-philippe-verdussen-archi2000\/\"},\"wordCount\":890,\"commentCount\":0,\"publisher\":{\"@id\":\"https:\/\/www.yourkingsley.com\/#organization\"},\"image\":{\"@id\":\"https:\/\/www.yourkingsley.com\/fr\/ia-architecture-menace-ou-levier-de-competitivite-philippe-verdussen-archi2000\/#primaryimage\"},\"thumbnailUrl\":\"https:\/\/www.yourkingsley.com\/app\/uploads\/2026\/03\/DSC_0433-scaled.jpg\",\"articleSection\":[\"Guide des salaires\",\"Tendance de march\u00e9\"],\"inLanguage\":\"fr-FR\",\"potentialAction\":[{\"@type\":\"CommentAction\",\"name\":\"Comment\",\"target\":[\"https:\/\/www.yourkingsley.com\/fr\/ia-architecture-menace-ou-levier-de-competitivite-philippe-verdussen-archi2000\/#respond\"]}]},{\"@type\":\"WebPage\",\"@id\":\"https:\/\/www.yourkingsley.com\/fr\/ia-architecture-menace-ou-levier-de-competitivite-philippe-verdussen-archi2000\/\",\"url\":\"https:\/\/www.yourkingsley.com\/fr\/ia-architecture-menace-ou-levier-de-competitivite-philippe-verdussen-archi2000\/\",\"name\":\"L'IA dans l'architecture : menace ou levier de comp\u00e9titivit\u00e9 ? - Kingsley\",\"isPartOf\":{\"@id\":\"https:\/\/www.yourkingsley.com\/#website\"},\"primaryImageOfPage\":{\"@id\":\"https:\/\/www.yourkingsley.com\/fr\/ia-architecture-menace-ou-levier-de-competitivite-philippe-verdussen-archi2000\/#primaryimage\"},\"image\":{\"@id\":\"https:\/\/www.yourkingsley.com\/fr\/ia-architecture-menace-ou-levier-de-competitivite-philippe-verdussen-archi2000\/#primaryimage\"},\"thumbnailUrl\":\"https:\/\/www.yourkingsley.com\/app\/uploads\/2026\/03\/DSC_0433-scaled.jpg\",\"datePublished\":\"2026-04-01T08:32:10+00:00\",\"description\":\"Comment l\u2019IA transforme le m\u00e9tier d\u2019architecte et cr\u00e9e un avantage comp\u00e9titif pour les agences ? Usages concrets, impact RH et tendances en Belgique \u00e0 d\u00e9couvrir.\",\"breadcrumb\":{\"@id\":\"https:\/\/www.yourkingsley.com\/fr\/ia-architecture-menace-ou-levier-de-competitivite-philippe-verdussen-archi2000\/#breadcrumb\"},\"inLanguage\":\"fr-FR\",\"potentialAction\":[{\"@type\":\"ReadAction\",\"target\":[\"https:\/\/www.yourkingsley.com\/fr\/ia-architecture-menace-ou-levier-de-competitivite-philippe-verdussen-archi2000\/\"]}]},{\"@type\":\"ImageObject\",\"inLanguage\":\"fr-FR\",\"@id\":\"https:\/\/www.yourkingsley.com\/fr\/ia-architecture-menace-ou-levier-de-competitivite-philippe-verdussen-archi2000\/#primaryimage\",\"url\":\"https:\/\/www.yourkingsley.com\/app\/uploads\/2026\/03\/DSC_0433-scaled.jpg\",\"contentUrl\":\"https:\/\/www.yourkingsley.com\/app\/uploads\/2026\/03\/DSC_0433-scaled.jpg\",\"width\":2048,\"height\":2560},{\"@type\":\"BreadcrumbList\",\"@id\":\"https:\/\/www.yourkingsley.com\/fr\/ia-architecture-menace-ou-levier-de-competitivite-philippe-verdussen-archi2000\/#breadcrumb\",\"itemListElement\":[{\"@type\":\"ListItem\",\"position\":1,\"name\":\"Home\",\"item\":\"https:\/\/www.yourkingsley.com\/fr\/\"},{\"@type\":\"ListItem\",\"position\":2,\"name\":\"L&#8217;IA dans l&#8217;architecture : menace ou levier de comp\u00e9titivit\u00e9 ?\"}]},{\"@type\":\"WebSite\",\"@id\":\"https:\/\/www.yourkingsley.com\/#website\",\"url\":\"https:\/\/www.yourkingsley.com\/\",\"name\":\"Kingsley\",\"description\":\"Your career companion\",\"publisher\":{\"@id\":\"https:\/\/www.yourkingsley.com\/#organization\"},\"potentialAction\":[{\"@type\":\"SearchAction\",\"target\":{\"@type\":\"EntryPoint\",\"urlTemplate\":\"https:\/\/www.yourkingsley.com\/?s={search_term_string}\"},\"query-input\":{\"@type\":\"PropertyValueSpecification\",\"valueRequired\":true,\"valueName\":\"search_term_string\"}}],\"inLanguage\":\"fr-FR\"},{\"@type\":\"Organization\",\"@id\":\"https:\/\/www.yourkingsley.com\/#organization\",\"name\":\"Kingsley\",\"url\":\"https:\/\/www.yourkingsley.com\/\",\"logo\":{\"@type\":\"ImageObject\",\"inLanguage\":\"fr-FR\",\"@id\":\"https:\/\/www.yourkingsley.com\/#\/schema\/logo\/image\/\",\"url\":\"https:\/\/www.yourkingsley.com\/app\/uploads\/2022\/06\/logo.svg\",\"contentUrl\":\"https:\/\/www.yourkingsley.com\/app\/uploads\/2022\/06\/logo.svg\",\"caption\":\"Kingsley\"},\"image\":{\"@id\":\"https:\/\/www.yourkingsley.com\/#\/schema\/logo\/image\/\"},\"sameAs\":[\"https:\/\/www.facebook.com\/yourkingsley\",\"https:\/\/www.linkedin.com\/company\/your-kingsley\/\"]},{\"@type\":\"Person\",\"@id\":\"https:\/\/www.yourkingsley.com\/#\/schema\/person\/dd02c53fe894e14c5f62a4e49e330f91\",\"name\":\"Diana Balan\",\"image\":{\"@type\":\"ImageObject\",\"inLanguage\":\"fr-FR\",\"@id\":\"https:\/\/www.yourkingsley.com\/#\/schema\/person\/image\/\",\"url\":\"https:\/\/secure.gravatar.com\/avatar\/fbf1b9a7a22ab8265eb3cf50c54d75de85c06774e2b13c54c57a6ee438aa28b3?s=96&d=mm&r=g\",\"contentUrl\":\"https:\/\/secure.gravatar.com\/avatar\/fbf1b9a7a22ab8265eb3cf50c54d75de85c06774e2b13c54c57a6ee438aa28b3?s=96&d=mm&r=g\",\"caption\":\"Diana Balan\"}}]}<\/script>\n<!-- \/ Yoast SEO plugin. -->","yoast_head_json":{"title":"L'IA dans l'architecture : menace ou levier de comp\u00e9titivit\u00e9 ? - Kingsley","description":"Comment l\u2019IA transforme le m\u00e9tier d\u2019architecte et cr\u00e9e un avantage comp\u00e9titif pour les agences ? Usages concrets, impact RH et tendances en Belgique \u00e0 d\u00e9couvrir.","robots":{"index":"index","follow":"follow","max-snippet":"max-snippet:-1","max-image-preview":"max-image-preview:large","max-video-preview":"max-video-preview:-1"},"canonical":"https:\/\/www.yourkingsley.com\/fr\/ia-architecture-menace-ou-levier-de-competitivite-philippe-verdussen-archi2000\/","og_locale":"fr_FR","og_type":"article","og_title":"L'IA dans l'architecture : menace ou levier de comp\u00e9titivit\u00e9 ? - Kingsley","og_description":"Comment l\u2019IA transforme le m\u00e9tier d\u2019architecte et cr\u00e9e un avantage comp\u00e9titif pour les agences ? Usages concrets, impact RH et tendances en Belgique \u00e0 d\u00e9couvrir.","og_url":"https:\/\/www.yourkingsley.com\/fr\/ia-architecture-menace-ou-levier-de-competitivite-philippe-verdussen-archi2000\/","og_site_name":"Kingsley","article_publisher":"https:\/\/www.facebook.com\/yourkingsley","article_published_time":"2026-04-01T08:32:10+00:00","og_image":[{"width":2048,"height":2560,"url":"https:\/\/www.yourkingsley.com\/app\/uploads\/2026\/03\/DSC_0433-scaled.jpg","type":"image\/jpeg"}],"author":"Diana Balan","twitter_card":"summary_large_image","twitter_misc":{"\u00c9crit par":"Diana Balan","Dur\u00e9e de lecture estim\u00e9e":"4 minutes"},"schema":{"@context":"https:\/\/schema.org","@graph":[{"@type":"Article","@id":"https:\/\/www.yourkingsley.com\/fr\/ia-architecture-menace-ou-levier-de-competitivite-philippe-verdussen-archi2000\/#article","isPartOf":{"@id":"https:\/\/www.yourkingsley.com\/fr\/ia-architecture-menace-ou-levier-de-competitivite-philippe-verdussen-archi2000\/"},"author":{"name":"Diana Balan","@id":"https:\/\/www.yourkingsley.com\/#\/schema\/person\/dd02c53fe894e14c5f62a4e49e330f91"},"headline":"L&#8217;IA dans l&#8217;architecture : menace ou levier de comp\u00e9titivit\u00e9 ?","datePublished":"2026-04-01T08:32:10+00:00","mainEntityOfPage":{"@id":"https:\/\/www.yourkingsley.com\/fr\/ia-architecture-menace-ou-levier-de-competitivite-philippe-verdussen-archi2000\/"},"wordCount":890,"commentCount":0,"publisher":{"@id":"https:\/\/www.yourkingsley.com\/#organization"},"image":{"@id":"https:\/\/www.yourkingsley.com\/fr\/ia-architecture-menace-ou-levier-de-competitivite-philippe-verdussen-archi2000\/#primaryimage"},"thumbnailUrl":"https:\/\/www.yourkingsley.com\/app\/uploads\/2026\/03\/DSC_0433-scaled.jpg","articleSection":["Guide des salaires","Tendance de march\u00e9"],"inLanguage":"fr-FR","potentialAction":[{"@type":"CommentAction","name":"Comment","target":["https:\/\/www.yourkingsley.com\/fr\/ia-architecture-menace-ou-levier-de-competitivite-philippe-verdussen-archi2000\/#respond"]}]},{"@type":"WebPage","@id":"https:\/\/www.yourkingsley.com\/fr\/ia-architecture-menace-ou-levier-de-competitivite-philippe-verdussen-archi2000\/","url":"https:\/\/www.yourkingsley.com\/fr\/ia-architecture-menace-ou-levier-de-competitivite-philippe-verdussen-archi2000\/","name":"L'IA dans l'architecture : menace ou levier de comp\u00e9titivit\u00e9 ? - Kingsley","isPartOf":{"@id":"https:\/\/www.yourkingsley.com\/#website"},"primaryImageOfPage":{"@id":"https:\/\/www.yourkingsley.com\/fr\/ia-architecture-menace-ou-levier-de-competitivite-philippe-verdussen-archi2000\/#primaryimage"},"image":{"@id":"https:\/\/www.yourkingsley.com\/fr\/ia-architecture-menace-ou-levier-de-competitivite-philippe-verdussen-archi2000\/#primaryimage"},"thumbnailUrl":"https:\/\/www.yourkingsley.com\/app\/uploads\/2026\/03\/DSC_0433-scaled.jpg","datePublished":"2026-04-01T08:32:10+00:00","description":"Comment l\u2019IA transforme le m\u00e9tier d\u2019architecte et cr\u00e9e un avantage comp\u00e9titif pour les agences ? Usages concrets, impact RH et tendances en Belgique \u00e0 d\u00e9couvrir.","breadcrumb":{"@id":"https:\/\/www.yourkingsley.com\/fr\/ia-architecture-menace-ou-levier-de-competitivite-philippe-verdussen-archi2000\/#breadcrumb"},"inLanguage":"fr-FR","potentialAction":[{"@type":"ReadAction","target":["https:\/\/www.yourkingsley.com\/fr\/ia-architecture-menace-ou-levier-de-competitivite-philippe-verdussen-archi2000\/"]}]},{"@type":"ImageObject","inLanguage":"fr-FR","@id":"https:\/\/www.yourkingsley.com\/fr\/ia-architecture-menace-ou-levier-de-competitivite-philippe-verdussen-archi2000\/#primaryimage","url":"https:\/\/www.yourkingsley.com\/app\/uploads\/2026\/03\/DSC_0433-scaled.jpg","contentUrl":"https:\/\/www.yourkingsley.com\/app\/uploads\/2026\/03\/DSC_0433-scaled.jpg","width":2048,"height":2560},{"@type":"BreadcrumbList","@id":"https:\/\/www.yourkingsley.com\/fr\/ia-architecture-menace-ou-levier-de-competitivite-philippe-verdussen-archi2000\/#breadcrumb","itemListElement":[{"@type":"ListItem","position":1,"name":"Home","item":"https:\/\/www.yourkingsley.com\/fr\/"},{"@type":"ListItem","position":2,"name":"L&#8217;IA dans l&#8217;architecture : menace ou levier de comp\u00e9titivit\u00e9 ?"}]},{"@type":"WebSite","@id":"https:\/\/www.yourkingsley.com\/#website","url":"https:\/\/www.yourkingsley.com\/","name":"Kingsley","description":"Your career companion","publisher":{"@id":"https:\/\/www.yourkingsley.com\/#organization"},"potentialAction":[{"@type":"SearchAction","target":{"@type":"EntryPoint","urlTemplate":"https:\/\/www.yourkingsley.com\/?s={search_term_string}"},"query-input":{"@type":"PropertyValueSpecification","valueRequired":true,"valueName":"search_term_string"}}],"inLanguage":"fr-FR"},{"@type":"Organization","@id":"https:\/\/www.yourkingsley.com\/#organization","name":"Kingsley","url":"https:\/\/www.yourkingsley.com\/","logo":{"@type":"ImageObject","inLanguage":"fr-FR","@id":"https:\/\/www.yourkingsley.com\/#\/schema\/logo\/image\/","url":"https:\/\/www.yourkingsley.com\/app\/uploads\/2022\/06\/logo.svg","contentUrl":"https:\/\/www.yourkingsley.com\/app\/uploads\/2022\/06\/logo.svg","caption":"Kingsley"},"image":{"@id":"https:\/\/www.yourkingsley.com\/#\/schema\/logo\/image\/"},"sameAs":["https:\/\/www.facebook.com\/yourkingsley","https:\/\/www.linkedin.com\/company\/your-kingsley\/"]},{"@type":"Person","@id":"https:\/\/www.yourkingsley.com\/#\/schema\/person\/dd02c53fe894e14c5f62a4e49e330f91","name":"Diana Balan","image":{"@type":"ImageObject","inLanguage":"fr-FR","@id":"https:\/\/www.yourkingsley.com\/#\/schema\/person\/image\/","url":"https:\/\/secure.gravatar.com\/avatar\/fbf1b9a7a22ab8265eb3cf50c54d75de85c06774e2b13c54c57a6ee438aa28b3?s=96&d=mm&r=g","contentUrl":"https:\/\/secure.gravatar.com\/avatar\/fbf1b9a7a22ab8265eb3cf50c54d75de85c06774e2b13c54c57a6ee438aa28b3?s=96&d=mm&r=g","caption":"Diana Balan"}}]}},"_links":{"self":[{"href":"https:\/\/www.yourkingsley.com\/fr\/wp-json\/wp\/v2\/posts\/15816","targetHints":{"allow":["GET"]}}],"collection":[{"href":"https:\/\/www.yourkingsley.com\/fr\/wp-json\/wp\/v2\/posts"}],"about":[{"href":"https:\/\/www.yourkingsley.com\/fr\/wp-json\/wp\/v2\/types\/post"}],"author":[{"embeddable":true,"href":"https:\/\/www.yourkingsley.com\/fr\/wp-json\/wp\/v2\/users\/95"}],"replies":[{"embeddable":true,"href":"https:\/\/www.yourkingsley.com\/fr\/wp-json\/wp\/v2\/comments?post=15816"}],"version-history":[{"count":7,"href":"https:\/\/www.yourkingsley.com\/fr\/wp-json\/wp\/v2\/posts\/15816\/revisions"}],"predecessor-version":[{"id":15825,"href":"https:\/\/www.yourkingsley.com\/fr\/wp-json\/wp\/v2\/posts\/15816\/revisions\/15825"}],"wp:featuredmedia":[{"embeddable":true,"href":"https:\/\/www.yourkingsley.com\/fr\/wp-json\/wp\/v2\/media\/15823"}],"wp:attachment":[{"href":"https:\/\/www.yourkingsley.com\/fr\/wp-json\/wp\/v2\/media?parent=15816"}],"wp:term":[{"taxonomy":"category","embeddable":true,"href":"https:\/\/www.yourkingsley.com\/fr\/wp-json\/wp\/v2\/categories?post=15816"},{"taxonomy":"post_tag","embeddable":true,"href":"https:\/\/www.yourkingsley.com\/fr\/wp-json\/wp\/v2\/tags?post=15816"}],"curies":[{"name":"wp","href":"https:\/\/api.w.org\/{rel}","templated":true}]}}